{"id":702,"date":"2024-04-08T10:00:00","date_gmt":"2024-04-08T08:00:00","guid":{"rendered":"https:\/\/ulassaifestival.com\/?p=702"},"modified":"2024-04-11T12:37:08","modified_gmt":"2024-04-11T10:37:08","slug":"event-program","status":"publish","type":"post","link":"https:\/\/ulassaifestival.com\/it\/event-program\/","title":{"rendered":"Il programma completo della rassegna"},"content":{"rendered":"\n<p class=\"has-white-color has-text-color has-background has-link-color wp-elements-5b03d5a0fda2f8ee55619f92fbc39dbb\" style=\"background-color:#3b3a3a\"><em>L\u2019evento, che andr\u00e0 in scena dal 31 maggio al 2 giugno, torna per la sua quarta edizione, con un palinsesto ricco di attivit\u00e0 sportive e non solo. Tra gli ospiti, gli scalatori Alessandro Zeni e Klaas Willems<\/em>.<\/p>\n\n\n\n<div style=\"height:64px\" aria-hidden=\"true\" class=\"wp-block-spacer\"><\/div>\n\n\n\n<h3 class=\"wp-block-heading\">Ulassai, 8 aprile 2024<\/h3>\n\n\n\n<p>La Sardegna \u00e8 pronta a ospitare la quarta edizione dell\u2019Ulassai Festival, l\u2019attesissimo evento di arrampicata e sport outdoor in programma dal 31 maggio al 2 giugno 2024 a Ulassai, in Provincia di Nuoro.<\/p>\n\n\n\n<p>Climbing, slackline, mountain bike, trekking, arte, cinema ed enogastronomia. Sono molteplici gli ingredienti di un fine settimana all\u2019insegna dello sport e della cultura, in un contesto naturalistico e paesaggistico unico nel suo genere.<\/p>\n\n\n\n<div style=\"height:64px\" aria-hidden=\"true\" class=\"wp-block-spacer\"><\/div>\n\n\n\n<h3 class=\"wp-block-heading\">Il programma<\/h3>\n\n\n\n<p><strong>Venerd\u00ec 31 maggio<\/strong><\/p>\n\n\n\n<p>Si parte con l\u2019inaugurazione ufficiale della manifestazione, che accoglier\u00e0 numerosi appassionati provenienti da tutta Europa. La cerimonia di apertura, prevista intorno alle ore 18.00, si svolger\u00e0 alla presenza di Luigi Deidda, Vicesindaco del Comune di Ulassai, e dello scalatore Alessandro Zeni. Il climber sar\u00e0 inoltre uno degli ospiti illustri di questa kermesse e prender\u00e0 parte anche alla presentazione e alla proiezione del film, nel quale ricopre il ruolo di protagonista, dal titolo \u201cEternit\u201d.<\/p>\n\n\n\n<p>La pellicola ripercorre infatti l\u2019impresa dell\u2019atleta trentino, capace di portare a termine uno dei tiri di placca pi\u00f9 duri al mondo.<\/p>\n\n\n\n<p><strong>Sabato 1 giugno<\/strong><\/p>\n\n\n\n<p>Nel weekend si entrer\u00e0 nel cuore della manifestazione con un\u2019ampia proposta di attivit\u00e0 sportive all\u2019aria aperta. Oltre all\u2019arrampicata, la vera \u2018regina\u2019 della rassegna, sar\u00e0 possibile provare l\u2019esperienza di camminare lungo una incredibile highline posizionata a ben 150 metri di altezza e che si sviluppa per 500 metri di lunghezza. Non \u00e8 tutto, perch\u00e9 ci sar\u00e0 anche la possibilit\u00e0 di cimentarsi in sedute di yoga, percorsi di trekking e di parkour e in una serie di escursioni guidate in mountain bike.<\/p>\n\n\n\n<p>Ad impreziosire il programma, grazie alla collaborazione con Slow Food, \u00e8 prevista la presenza di un mercatino con prodotti tipici locali e del resto della Sardegna, oltre a laboratori, show-cooking e dimostrazioni pratiche.<\/p>\n\n\n\n<p>Al termine della giornata, ancora spazio al binomio enogastronomia-cinema, con una cena a base di prodotti del territorio, accompagnata dalla proiezione di una serie di cortometraggi legati al mondo verticale. La serata culminer\u00e0 poi con la presentazione di \u201cStill Alive\u201d, il docufilm incentrato sulla vita di Klaas Willems.<\/p>\n\n\n\n<p>La pellicola racconta la storia del climber belga &#8211; affetto da fibrosi cistica da quando \u00e8 bambino &#8211; e del suo amore incondizionato per l\u2019arrampicata. Il climber, ormai residente da anni proprio nel comune sardo situato nel cuore della Blue Zone, presenzier\u00e0 alla proiezione del film e nella giornata seguente terr\u00e0 anche un workshop interamente dedicato all\u2019arrampicata. A seguire sar\u00e0 tempo di musica, con un Dj-set in Piazza Barigau che accompagner\u00e0 i presenti fino a notte inoltrata.<\/p>\n\n\n\n<p><strong>Domenica 2 giugno<\/strong><\/p>\n\n\n\n<p>La mattina di domenica 2 giugno proseguiranno le attivit\u00e0 sportive all\u2019aria aperta che si concluderanno con le rispettive premiazioni.<\/p>\n\n\n\n<p>Nella stessa giornata, appuntamento imperdibile con l\u2019inaugurazione della Biennale di Arte Contemporanea dedicata a Maria Lai, rinomata artista originaria di Ulassai scomparsa nel 2013.<\/p>\n\n\n\n<p>La mostra, curata da Gianni Murtas, sar\u00e0 arricchita dalle opere di 23 artisti emergenti e chiuder\u00e0 ufficialmente la manifestazione.<\/p>\n\n\n\n<div style=\"height:64px\" aria-hidden=\"true\" class=\"wp-block-spacer\"><\/div>\n\n\n\n<p>L\u2019Ulassai Festival 2024, promosso dall\u2019amministrazione comunale di Ulassai (NU), \u00e8 organizzato dall\u2019agenzia di comunicazione Mate e fa parte del progetto \u201cULASSAI: dove la natura incontra l\u2019arte\u201d, finanziato nell\u2019ambito del Piano nazionale di ripresa e resilienza (PNRR).<\/p>\n\n\n\n<p>Tutte le iniziative verranno realizzate in collaborazione con diverse organizzazioni e associazioni sportive locali legate al climbing e ad attivit\u00e0 all&#8217;aria aperta presenti ad Ulassai.<\/p>\n\n\n\n<div style=\"height:64px\" aria-hidden=\"true\" class=\"wp-block-spacer\"><\/div>\n\n\n\n<h3 class=\"wp-block-heading\">Contatti stampa del Festival di Ulassai:<\/h3>\n\n\n\n<ul class=\"wp-block-list\">\n<li><strong>Ufficio Stampa Mate <\/strong>&#8211; <a href=\"mailto:press@mateagency.it\">press@mateagency.it<\/a><\/li>\n\n\n\n<li><strong>Eugenio Bertone<\/strong> &#8211; <a href=\"mailto:eugenio.bertone@mateagency.it\">eugenio.bertone@mateagency.it<\/a> &#8211; 339.1873668<\/li>\n\n\n\n<li><strong>Federico Defrancisco<\/strong> &#8211; <a href=\"mailto:federico.defrancisco@mateagency.it\">federico.defrancisco@mateagency.it<\/a> &#8211; 340.4298788<\/li>\n<\/ul>\n","protected":false},"excerpt":{"rendered":"<p>L\u2019evento, che andr\u00e0 in scena dal 31 maggio al 2 giugno, torna per la sua quarta edizione, con un palinsesto ricco di attivit\u00e0 sportive e non solo. Tra gli ospiti, gli scalatori Alessandro Zeni e Klaas Willems.<\/p>\n","protected":false},"author":3,"featured_media":381,"comment_status":"closed","ping_status":"closed","sticky":false,"template":"","format":"standard","meta":{"_et_pb_use_builder":"","_et_pb_old_content":"","_et_gb_content_width":"","footnotes":""},"categories":[1],"tags":[],"class_list":["post-702","post","type-post","status-publish","format-standard","has-post-thumbnail","hentry","category-senza-categoria"],"_links":{"self":[{"href":"https:\/\/ulassaifestival.com\/it\/wp-json\/wp\/v2\/posts\/702","targetHints":{"allow":["GET"]}}],"collection":[{"href":"https:\/\/ulassaifestival.com\/it\/wp-json\/wp\/v2\/posts"}],"about":[{"href":"https:\/\/ulassaifestival.com\/it\/wp-json\/wp\/v2\/types\/post"}],"author":[{"embeddable":true,"href":"https:\/\/ulassaifestival.com\/it\/wp-json\/wp\/v2\/users\/3"}],"replies":[{"embeddable":true,"href":"https:\/\/ulassaifestival.com\/it\/wp-json\/wp\/v2\/comments?post=702"}],"version-history":[{"count":0,"href":"https:\/\/ulassaifestival.com\/it\/wp-json\/wp\/v2\/posts\/702\/revisions"}],"wp:featuredmedia":[{"embeddable":true,"href":"https:\/\/ulassaifestival.com\/it\/wp-json\/wp\/v2\/media\/381"}],"wp:attachment":[{"href":"https:\/\/ulassaifestival.com\/it\/wp-json\/wp\/v2\/media?parent=702"}],"wp:term":[{"taxonomy":"category","embeddable":true,"href":"https:\/\/ulassaifestival.com\/it\/wp-json\/wp\/v2\/categories?post=702"},{"taxonomy":"post_tag","embeddable":true,"href":"https:\/\/ulassaifestival.com\/it\/wp-json\/wp\/v2\/tags?post=702"}],"curies":[{"name":"wp","href":"https:\/\/api.w.org\/{rel}","templated":true}]}}